{"id":982,"date":"2024-05-28T14:54:53","date_gmt":"2024-05-28T13:54:53","guid":{"rendered":"https:\/\/asso-style-dance.com\/?p=982"},"modified":"2024-05-28T16:52:14","modified_gmt":"2024-05-28T15:52:14","slug":"verone-flammes-eternelles-spectacle-de-chant-et-de-danse-style-dance","status":"publish","type":"post","link":"https:\/\/asso-style-dance.com\/index.php\/2024\/05\/28\/verone-flammes-eternelles-spectacle-de-chant-et-de-danse-style-dance\/","title":{"rendered":"VERONE \u00ab\u00a0Flammes \u00e9ternelles\u00a0\u00bb spectacle de chant et de danse Style Dance"},"content":{"rendered":"<p><img loading=\"lazy\" decoding=\"async\" class=\"aligncenter size-large wp-image-983\" src=\"https:\/\/asso-style-dance.com\/wp-content\/uploads\/2024\/05\/afficheverone-724x1024.jpg\" alt=\"\" width=\"724\" height=\"1024\" srcset=\"https:\/\/asso-style-dance.com\/wp-content\/uploads\/2024\/05\/afficheverone-724x1024.jpg 724w, https:\/\/asso-style-dance.com\/wp-content\/uploads\/2024\/05\/afficheverone-212x300.jpg 212w, https:\/\/asso-style-dance.com\/wp-content\/uploads\/2024\/05\/afficheverone-768x1087.jpg 768w, https:\/\/asso-style-dance.com\/wp-content\/uploads\/2024\/05\/afficheverone-1085x1536.jpg 1085w, https:\/\/asso-style-dance.com\/wp-content\/uploads\/2024\/05\/afficheverone.jpg 1447w\" sizes=\"auto, (max-width: 724px) 100vw, 724px\" \/><\/p>\n<h1>Venez assister \u00e0 notre spectacle de fin d&rsquo;ann\u00e9e: VERONE \u00ab\u00a0Flammes \u00e9ternelles\u00a0\u00bb. Spectacle de danse et de chant .<\/h1>\n<h2>&nbsp;<\/h2>\n<h2>DIMANCHE 26 JUIN 16H SALLE JEAN FERRAT 26140 ST RAMBERT D&rsquo;ALBON, ouverture des portes 15h30.<\/h2>\n<p>Buvette te petite restauration sur place.<br \/>\nSpectacle d&rsquo;une dur\u00e9e d&rsquo;environ 2h avec une centaines d&rsquo;artistes sur sc\u00e8ne.<\/p>\n<ul>\n<li style=\"text-align: left;\">ADULTES ( \u00e0 partir de 12 ans) 15\u20ac<\/li>\n<li style=\"text-align: left;\">ENFANTS (5\/11 ans) 12\u20ac<\/li>\n<li style=\"text-align: left;\">GRATUIT ( moins de 5 ans)<\/li>\n<li style=\"text-align: left;\">OFFRE: 10 places achet\u00e9es = 1 OFFERTE !<\/li>\n<\/ul>\n<h2><a href=\"https:\/\/www.helloasso.com\/associations\/asso-style-dance\/evenements\/verone-flammes-eternelles-spectacle-de-chant-et-de-danse-style-dance?fbclid=IwZXh0bgNhZW0CMTAAAR2E4Z41uogxMtZJzY0nF8Hijv0KNf9KCDtoD9KFfazf45GC4r5KbprsqYo_aem_ZmFrZWR1bW15MTZieXRlcw\" target=\"_blank\" rel=\"noopener\">ACHETEZ VOS PLACES SUR HELLOASSO EN CLIQUANT ICI !<\/a><\/h2>\n","protected":false},"excerpt":{"rendered":"<p>Venez assister \u00e0 notre spectacle de fin d&rsquo;ann\u00e9e: VERONE \u00ab\u00a0Flammes \u00e9ternelles\u00a0\u00bb. Spectacle de danse et de chant . &nbsp; DIMANCHE 26 JUIN 16H SALLE JEAN FERRAT 26140 ST RAMBERT D&rsquo;ALBON, ouverture des portes 15h30. Buvette te petite restauration sur place. Spectacle d&rsquo;une dur\u00e9e d&rsquo;environ 2h avec une centaines d&rsquo;artistes sur sc\u00e8ne. ADULTES ( \u00e0 partir [&hellip;]<\/p>\n","protected":false},"author":1,"featured_media":0,"comment_status":"open","ping_status":"closed","sticky":false,"template":"","format":"standard","meta":{"ngg_post_thumbnail":0,"footnotes":""},"categories":[75,23,44],"tags":[],"class_list":["post-982","post","type-post","status-publish","format-standard","hentry","category-agenda","category-agenda-et-evenements","category-flyers-de-nos-prochains-evenements"],"yoast_head":"<!-- This site is optimized with the Yoast SEO plugin v27.5 - https:\/\/yoast.com\/product\/yoast-seo-wordpress\/ -->\n<title>VERONE &quot;Flammes \u00e9ternelles&quot; spectacle de chant et de danse Style Dance - Asso Style Dance<\/title>\n<meta name=\"robots\" content=\"index, follow, max-snippet:-1, max-image-preview:large, max-video-preview:-1\" \/>\n<link rel=\"canonical\" href=\"https:\/\/asso-style-dance.com\/index.php\/2024\/05\/28\/verone-flammes-eternelles-spectacle-de-chant-et-de-danse-style-dance\/\" \/>\n<meta property=\"og:locale\" content=\"fr_FR\" \/>\n<meta property=\"og:type\" content=\"article\" \/>\n<meta property=\"og:title\" content=\"VERONE &quot;Flammes \u00e9ternelles&quot; spectacle de chant et de danse Style Dance - Asso Style Dance\" \/>\n<meta property=\"og:description\" content=\"Venez assister \u00e0 notre spectacle de fin d&rsquo;ann\u00e9e: VERONE \u00ab\u00a0Flammes \u00e9ternelles\u00a0\u00bb. Spectacle de danse et de chant . &nbsp; DIMANCHE 26 JUIN 16H SALLE JEAN FERRAT 26140 ST RAMBERT D&rsquo;ALBON, ouverture des portes 15h30. Buvette te petite restauration sur place. Spectacle d&rsquo;une dur\u00e9e d&rsquo;environ 2h avec une centaines d&rsquo;artistes sur sc\u00e8ne. ADULTES ( \u00e0 partir [&hellip;]\" \/>\n<meta property=\"og:url\" content=\"https:\/\/asso-style-dance.com\/index.php\/2024\/05\/28\/verone-flammes-eternelles-spectacle-de-chant-et-de-danse-style-dance\/\" \/>\n<meta property=\"og:site_name\" content=\"Asso Style Dance\" \/>\n<meta property=\"article:publisher\" content=\"https:\/\/www.facebook.com\/StyleDance26\" \/>\n<meta property=\"article:published_time\" content=\"2024-05-28T13:54:53+00:00\" \/>\n<meta property=\"article:modified_time\" content=\"2024-05-28T15:52:14+00:00\" \/>\n<meta property=\"og:image\" content=\"https:\/\/asso-style-dance.com\/wp-content\/uploads\/2024\/05\/afficheverone-724x1024.jpg\" \/>\n<meta name=\"author\" content=\"admin\" \/>\n<meta name=\"twitter:card\" content=\"summary_large_image\" \/>\n<meta name=\"twitter:label1\" content=\"\u00c9crit par\" \/>\n\t<meta name=\"twitter:data1\" content=\"admin\" \/>\n\t<meta name=\"twitter:label2\" content=\"Dur\u00e9e de lecture estim\u00e9e\" \/>\n\t<meta name=\"twitter:data2\" content=\"1 minute\" \/>\n<script type=\"application\/ld+json\" class=\"yoast-schema-graph\">{\"@context\":\"https:\\\/\\\/schema.org\",\"@graph\":[{\"@type\":\"Article\",\"@id\":\"https:\\\/\\\/asso-style-dance.com\\\/index.php\\\/2024\\\/05\\\/28\\\/verone-flammes-eternelles-spectacle-de-chant-et-de-danse-style-dance\\\/#article\",\"isPartOf\":{\"@id\":\"https:\\\/\\\/asso-style-dance.com\\\/index.php\\\/2024\\\/05\\\/28\\\/verone-flammes-eternelles-spectacle-de-chant-et-de-danse-style-dance\\\/\"},\"author\":{\"name\":\"admin\",\"@id\":\"https:\\\/\\\/asso-style-dance.com\\\/#\\\/schema\\\/person\\\/46a7566f417dbb8633fa73513005b74e\"},\"headline\":\"VERONE \u00ab\u00a0Flammes \u00e9ternelles\u00a0\u00bb spectacle de chant et de danse Style Dance\",\"datePublished\":\"2024-05-28T13:54:53+00:00\",\"dateModified\":\"2024-05-28T15:52:14+00:00\",\"mainEntityOfPage\":{\"@id\":\"https:\\\/\\\/asso-style-dance.com\\\/index.php\\\/2024\\\/05\\\/28\\\/verone-flammes-eternelles-spectacle-de-chant-et-de-danse-style-dance\\\/\"},\"wordCount\":84,\"commentCount\":0,\"publisher\":{\"@id\":\"https:\\\/\\\/asso-style-dance.com\\\/#organization\"},\"image\":{\"@id\":\"https:\\\/\\\/asso-style-dance.com\\\/index.php\\\/2024\\\/05\\\/28\\\/verone-flammes-eternelles-spectacle-de-chant-et-de-danse-style-dance\\\/#primaryimage\"},\"thumbnailUrl\":\"https:\\\/\\\/asso-style-dance.com\\\/wp-content\\\/uploads\\\/2024\\\/05\\\/afficheverone-724x1024.jpg\",\"articleSection\":[\"AGENDA\",\"AGENDA &amp; \u00c9V\u00c9NEMENTS\",\"FLYERS DE NOS PROCHAINS \u00c9V\u00c8NEMENTS\"],\"inLanguage\":\"fr-FR\",\"potentialAction\":[{\"@type\":\"CommentAction\",\"name\":\"Comment\",\"target\":[\"https:\\\/\\\/asso-style-dance.com\\\/index.php\\\/2024\\\/05\\\/28\\\/verone-flammes-eternelles-spectacle-de-chant-et-de-danse-style-dance\\\/#respond\"]}]},{\"@type\":\"WebPage\",\"@id\":\"https:\\\/\\\/asso-style-dance.com\\\/index.php\\\/2024\\\/05\\\/28\\\/verone-flammes-eternelles-spectacle-de-chant-et-de-danse-style-dance\\\/\",\"url\":\"https:\\\/\\\/asso-style-dance.com\\\/index.php\\\/2024\\\/05\\\/28\\\/verone-flammes-eternelles-spectacle-de-chant-et-de-danse-style-dance\\\/\",\"name\":\"VERONE \\\"Flammes \u00e9ternelles\\\" spectacle de chant et de danse Style Dance - Asso Style Dance\",\"isPartOf\":{\"@id\":\"https:\\\/\\\/asso-style-dance.com\\\/#website\"},\"primaryImageOfPage\":{\"@id\":\"https:\\\/\\\/asso-style-dance.com\\\/index.php\\\/2024\\\/05\\\/28\\\/verone-flammes-eternelles-spectacle-de-chant-et-de-danse-style-dance\\\/#primaryimage\"},\"image\":{\"@id\":\"https:\\\/\\\/asso-style-dance.com\\\/index.php\\\/2024\\\/05\\\/28\\\/verone-flammes-eternelles-spectacle-de-chant-et-de-danse-style-dance\\\/#primaryimage\"},\"thumbnailUrl\":\"https:\\\/\\\/asso-style-dance.com\\\/wp-content\\\/uploads\\\/2024\\\/05\\\/afficheverone-724x1024.jpg\",\"datePublished\":\"2024-05-28T13:54:53+00:00\",\"dateModified\":\"2024-05-28T15:52:14+00:00\",\"breadcrumb\":{\"@id\":\"https:\\\/\\\/asso-style-dance.com\\\/index.php\\\/2024\\\/05\\\/28\\\/verone-flammes-eternelles-spectacle-de-chant-et-de-danse-style-dance\\\/#breadcrumb\"},\"inLanguage\":\"fr-FR\",\"potentialAction\":[{\"@type\":\"ReadAction\",\"target\":[\"https:\\\/\\\/asso-style-dance.com\\\/index.php\\\/2024\\\/05\\\/28\\\/verone-flammes-eternelles-spectacle-de-chant-et-de-danse-style-dance\\\/\"]}]},{\"@type\":\"ImageObject\",\"inLanguage\":\"fr-FR\",\"@id\":\"https:\\\/\\\/asso-style-dance.com\\\/index.php\\\/2024\\\/05\\\/28\\\/verone-flammes-eternelles-spectacle-de-chant-et-de-danse-style-dance\\\/#primaryimage\",\"url\":\"https:\\\/\\\/asso-style-dance.com\\\/wp-content\\\/uploads\\\/2024\\\/05\\\/afficheverone.jpg\",\"contentUrl\":\"https:\\\/\\\/asso-style-dance.com\\\/wp-content\\\/uploads\\\/2024\\\/05\\\/afficheverone.jpg\",\"width\":1447,\"height\":2048,\"caption\":\"Juin 2024\"},{\"@type\":\"BreadcrumbList\",\"@id\":\"https:\\\/\\\/asso-style-dance.com\\\/index.php\\\/2024\\\/05\\\/28\\\/verone-flammes-eternelles-spectacle-de-chant-et-de-danse-style-dance\\\/#breadcrumb\",\"itemListElement\":[{\"@type\":\"ListItem\",\"position\":1,\"name\":\"Accueil\",\"item\":\"https:\\\/\\\/asso-style-dance.com\\\/\"},{\"@type\":\"ListItem\",\"position\":2,\"name\":\"VERONE \u00ab\u00a0Flammes \u00e9ternelles\u00a0\u00bb spectacle de chant et de danse Style Dance\"}]},{\"@type\":\"WebSite\",\"@id\":\"https:\\\/\\\/asso-style-dance.com\\\/#website\",\"url\":\"https:\\\/\\\/asso-style-dance.com\\\/\",\"name\":\"Asso Style Dance\",\"description\":\"Association Style Dance\",\"publisher\":{\"@id\":\"https:\\\/\\\/asso-style-dance.com\\\/#organization\"},\"potentialAction\":[{\"@type\":\"SearchAction\",\"target\":{\"@type\":\"EntryPoint\",\"urlTemplate\":\"https:\\\/\\\/asso-style-dance.com\\\/?s={search_term_string}\"},\"query-input\":{\"@type\":\"PropertyValueSpecification\",\"valueRequired\":true,\"valueName\":\"search_term_string\"}}],\"inLanguage\":\"fr-FR\"},{\"@type\":\"Organization\",\"@id\":\"https:\\\/\\\/asso-style-dance.com\\\/#organization\",\"name\":\"Association Style Dance\",\"url\":\"https:\\\/\\\/asso-style-dance.com\\\/\",\"logo\":{\"@type\":\"ImageObject\",\"inLanguage\":\"fr-FR\",\"@id\":\"https:\\\/\\\/asso-style-dance.com\\\/#\\\/schema\\\/logo\\\/image\\\/\",\"url\":\"https:\\\/\\\/asso-style-dance.com\\\/wp-content\\\/uploads\\\/2023\\\/11\\\/cropped-Logo-Style-Dance.png\",\"contentUrl\":\"https:\\\/\\\/asso-style-dance.com\\\/wp-content\\\/uploads\\\/2023\\\/11\\\/cropped-Logo-Style-Dance.png\",\"width\":604,\"height\":603,\"caption\":\"Association Style Dance\"},\"image\":{\"@id\":\"https:\\\/\\\/asso-style-dance.com\\\/#\\\/schema\\\/logo\\\/image\\\/\"},\"sameAs\":[\"https:\\\/\\\/www.facebook.com\\\/StyleDance26\",\"https:\\\/\\\/www.instagram.com\\\/associationstyledance\\\/\"]},{\"@type\":\"Person\",\"@id\":\"https:\\\/\\\/asso-style-dance.com\\\/#\\\/schema\\\/person\\\/46a7566f417dbb8633fa73513005b74e\",\"name\":\"admin\",\"image\":{\"@type\":\"ImageObject\",\"inLanguage\":\"fr-FR\",\"@id\":\"https:\\\/\\\/secure.gravatar.com\\\/avatar\\\/f4d70c8a97e679444afcfb72b909b90a248daceb835a308ab28f540c732a828f?s=96&d=mm&r=g\",\"url\":\"https:\\\/\\\/secure.gravatar.com\\\/avatar\\\/f4d70c8a97e679444afcfb72b909b90a248daceb835a308ab28f540c732a828f?s=96&d=mm&r=g\",\"contentUrl\":\"https:\\\/\\\/secure.gravatar.com\\\/avatar\\\/f4d70c8a97e679444afcfb72b909b90a248daceb835a308ab28f540c732a828f?s=96&d=mm&r=g\",\"caption\":\"admin\"},\"sameAs\":[\"https:\\\/\\\/asso-style-dance.com\"],\"url\":\"https:\\\/\\\/asso-style-dance.com\\\/index.php\\\/author\\\/romualdserrado_clnwklz5\\\/\"}]}<\/script>\n<!-- \/ Yoast SEO plugin. -->","yoast_head_json":{"title":"VERONE \"Flammes \u00e9ternelles\" spectacle de chant et de danse Style Dance - Asso Style Dance","robots":{"index":"index","follow":"follow","max-snippet":"max-snippet:-1","max-image-preview":"max-image-preview:large","max-video-preview":"max-video-preview:-1"},"canonical":"https:\/\/asso-style-dance.com\/index.php\/2024\/05\/28\/verone-flammes-eternelles-spectacle-de-chant-et-de-danse-style-dance\/","og_locale":"fr_FR","og_type":"article","og_title":"VERONE \"Flammes \u00e9ternelles\" spectacle de chant et de danse Style Dance - Asso Style Dance","og_description":"Venez assister \u00e0 notre spectacle de fin d&rsquo;ann\u00e9e: VERONE \u00ab\u00a0Flammes \u00e9ternelles\u00a0\u00bb. Spectacle de danse et de chant . &nbsp; DIMANCHE 26 JUIN 16H SALLE JEAN FERRAT 26140 ST RAMBERT D&rsquo;ALBON, ouverture des portes 15h30. Buvette te petite restauration sur place. Spectacle d&rsquo;une dur\u00e9e d&rsquo;environ 2h avec une centaines d&rsquo;artistes sur sc\u00e8ne. ADULTES ( \u00e0 partir [&hellip;]","og_url":"https:\/\/asso-style-dance.com\/index.php\/2024\/05\/28\/verone-flammes-eternelles-spectacle-de-chant-et-de-danse-style-dance\/","og_site_name":"Asso Style Dance","article_publisher":"https:\/\/www.facebook.com\/StyleDance26","article_published_time":"2024-05-28T13:54:53+00:00","article_modified_time":"2024-05-28T15:52:14+00:00","og_image":[{"url":"https:\/\/asso-style-dance.com\/wp-content\/uploads\/2024\/05\/afficheverone-724x1024.jpg","type":"","width":"","height":""}],"author":"admin","twitter_card":"summary_large_image","twitter_misc":{"\u00c9crit par":"admin","Dur\u00e9e de lecture estim\u00e9e":"1 minute"},"schema":{"@context":"https:\/\/schema.org","@graph":[{"@type":"Article","@id":"https:\/\/asso-style-dance.com\/index.php\/2024\/05\/28\/verone-flammes-eternelles-spectacle-de-chant-et-de-danse-style-dance\/#article","isPartOf":{"@id":"https:\/\/asso-style-dance.com\/index.php\/2024\/05\/28\/verone-flammes-eternelles-spectacle-de-chant-et-de-danse-style-dance\/"},"author":{"name":"admin","@id":"https:\/\/asso-style-dance.com\/#\/schema\/person\/46a7566f417dbb8633fa73513005b74e"},"headline":"VERONE \u00ab\u00a0Flammes \u00e9ternelles\u00a0\u00bb spectacle de chant et de danse Style Dance","datePublished":"2024-05-28T13:54:53+00:00","dateModified":"2024-05-28T15:52:14+00:00","mainEntityOfPage":{"@id":"https:\/\/asso-style-dance.com\/index.php\/2024\/05\/28\/verone-flammes-eternelles-spectacle-de-chant-et-de-danse-style-dance\/"},"wordCount":84,"commentCount":0,"publisher":{"@id":"https:\/\/asso-style-dance.com\/#organization"},"image":{"@id":"https:\/\/asso-style-dance.com\/index.php\/2024\/05\/28\/verone-flammes-eternelles-spectacle-de-chant-et-de-danse-style-dance\/#primaryimage"},"thumbnailUrl":"https:\/\/asso-style-dance.com\/wp-content\/uploads\/2024\/05\/afficheverone-724x1024.jpg","articleSection":["AGENDA","AGENDA &amp; \u00c9V\u00c9NEMENTS","FLYERS DE NOS PROCHAINS \u00c9V\u00c8NEMENTS"],"inLanguage":"fr-FR","potentialAction":[{"@type":"CommentAction","name":"Comment","target":["https:\/\/asso-style-dance.com\/index.php\/2024\/05\/28\/verone-flammes-eternelles-spectacle-de-chant-et-de-danse-style-dance\/#respond"]}]},{"@type":"WebPage","@id":"https:\/\/asso-style-dance.com\/index.php\/2024\/05\/28\/verone-flammes-eternelles-spectacle-de-chant-et-de-danse-style-dance\/","url":"https:\/\/asso-style-dance.com\/index.php\/2024\/05\/28\/verone-flammes-eternelles-spectacle-de-chant-et-de-danse-style-dance\/","name":"VERONE \"Flammes \u00e9ternelles\" spectacle de chant et de danse Style Dance - Asso Style Dance","isPartOf":{"@id":"https:\/\/asso-style-dance.com\/#website"},"primaryImageOfPage":{"@id":"https:\/\/asso-style-dance.com\/index.php\/2024\/05\/28\/verone-flammes-eternelles-spectacle-de-chant-et-de-danse-style-dance\/#primaryimage"},"image":{"@id":"https:\/\/asso-style-dance.com\/index.php\/2024\/05\/28\/verone-flammes-eternelles-spectacle-de-chant-et-de-danse-style-dance\/#primaryimage"},"thumbnailUrl":"https:\/\/asso-style-dance.com\/wp-content\/uploads\/2024\/05\/afficheverone-724x1024.jpg","datePublished":"2024-05-28T13:54:53+00:00","dateModified":"2024-05-28T15:52:14+00:00","breadcrumb":{"@id":"https:\/\/asso-style-dance.com\/index.php\/2024\/05\/28\/verone-flammes-eternelles-spectacle-de-chant-et-de-danse-style-dance\/#breadcrumb"},"inLanguage":"fr-FR","potentialAction":[{"@type":"ReadAction","target":["https:\/\/asso-style-dance.com\/index.php\/2024\/05\/28\/verone-flammes-eternelles-spectacle-de-chant-et-de-danse-style-dance\/"]}]},{"@type":"ImageObject","inLanguage":"fr-FR","@id":"https:\/\/asso-style-dance.com\/index.php\/2024\/05\/28\/verone-flammes-eternelles-spectacle-de-chant-et-de-danse-style-dance\/#primaryimage","url":"https:\/\/asso-style-dance.com\/wp-content\/uploads\/2024\/05\/afficheverone.jpg","contentUrl":"https:\/\/asso-style-dance.com\/wp-content\/uploads\/2024\/05\/afficheverone.jpg","width":1447,"height":2048,"caption":"Juin 2024"},{"@type":"BreadcrumbList","@id":"https:\/\/asso-style-dance.com\/index.php\/2024\/05\/28\/verone-flammes-eternelles-spectacle-de-chant-et-de-danse-style-dance\/#breadcrumb","itemListElement":[{"@type":"ListItem","position":1,"name":"Accueil","item":"https:\/\/asso-style-dance.com\/"},{"@type":"ListItem","position":2,"name":"VERONE \u00ab\u00a0Flammes \u00e9ternelles\u00a0\u00bb spectacle de chant et de danse Style Dance"}]},{"@type":"WebSite","@id":"https:\/\/asso-style-dance.com\/#website","url":"https:\/\/asso-style-dance.com\/","name":"Asso Style Dance","description":"Association Style Dance","publisher":{"@id":"https:\/\/asso-style-dance.com\/#organization"},"potentialAction":[{"@type":"SearchAction","target":{"@type":"EntryPoint","urlTemplate":"https:\/\/asso-style-dance.com\/?s={search_term_string}"},"query-input":{"@type":"PropertyValueSpecification","valueRequired":true,"valueName":"search_term_string"}}],"inLanguage":"fr-FR"},{"@type":"Organization","@id":"https:\/\/asso-style-dance.com\/#organization","name":"Association Style Dance","url":"https:\/\/asso-style-dance.com\/","logo":{"@type":"ImageObject","inLanguage":"fr-FR","@id":"https:\/\/asso-style-dance.com\/#\/schema\/logo\/image\/","url":"https:\/\/asso-style-dance.com\/wp-content\/uploads\/2023\/11\/cropped-Logo-Style-Dance.png","contentUrl":"https:\/\/asso-style-dance.com\/wp-content\/uploads\/2023\/11\/cropped-Logo-Style-Dance.png","width":604,"height":603,"caption":"Association Style Dance"},"image":{"@id":"https:\/\/asso-style-dance.com\/#\/schema\/logo\/image\/"},"sameAs":["https:\/\/www.facebook.com\/StyleDance26","https:\/\/www.instagram.com\/associationstyledance\/"]},{"@type":"Person","@id":"https:\/\/asso-style-dance.com\/#\/schema\/person\/46a7566f417dbb8633fa73513005b74e","name":"admin","image":{"@type":"ImageObject","inLanguage":"fr-FR","@id":"https:\/\/secure.gravatar.com\/avatar\/f4d70c8a97e679444afcfb72b909b90a248daceb835a308ab28f540c732a828f?s=96&d=mm&r=g","url":"https:\/\/secure.gravatar.com\/avatar\/f4d70c8a97e679444afcfb72b909b90a248daceb835a308ab28f540c732a828f?s=96&d=mm&r=g","contentUrl":"https:\/\/secure.gravatar.com\/avatar\/f4d70c8a97e679444afcfb72b909b90a248daceb835a308ab28f540c732a828f?s=96&d=mm&r=g","caption":"admin"},"sameAs":["https:\/\/asso-style-dance.com"],"url":"https:\/\/asso-style-dance.com\/index.php\/author\/romualdserrado_clnwklz5\/"}]}},"_links":{"self":[{"href":"https:\/\/asso-style-dance.com\/index.php\/wp-json\/wp\/v2\/posts\/982","targetHints":{"allow":["GET"]}}],"collection":[{"href":"https:\/\/asso-style-dance.com\/index.php\/wp-json\/wp\/v2\/posts"}],"about":[{"href":"https:\/\/asso-style-dance.com\/index.php\/wp-json\/wp\/v2\/types\/post"}],"author":[{"embeddable":true,"href":"https:\/\/asso-style-dance.com\/index.php\/wp-json\/wp\/v2\/users\/1"}],"replies":[{"embeddable":true,"href":"https:\/\/asso-style-dance.com\/index.php\/wp-json\/wp\/v2\/comments?post=982"}],"version-history":[{"count":3,"href":"https:\/\/asso-style-dance.com\/index.php\/wp-json\/wp\/v2\/posts\/982\/revisions"}],"predecessor-version":[{"id":998,"href":"https:\/\/asso-style-dance.com\/index.php\/wp-json\/wp\/v2\/posts\/982\/revisions\/998"}],"wp:attachment":[{"href":"https:\/\/asso-style-dance.com\/index.php\/wp-json\/wp\/v2\/media?parent=982"}],"wp:term":[{"taxonomy":"category","embeddable":true,"href":"https:\/\/asso-style-dance.com\/index.php\/wp-json\/wp\/v2\/categories?post=982"},{"taxonomy":"post_tag","embeddable":true,"href":"https:\/\/asso-style-dance.com\/index.php\/wp-json\/wp\/v2\/tags?post=982"}],"curies":[{"name":"wp","href":"https:\/\/api.w.org\/{rel}","templated":true}]}}